{"id":1552,"date":"2026-08-30T13:02:52","date_gmt":"2026-08-30T13:02:52","guid":{"rendered":"https:\/\/www.pirttikoskenkyla.fi\/?p=1552"},"modified":"2026-08-30T13:02:52","modified_gmt":"2026-08-30T13:02:52","slug":"paivakahvit-joka-kuun-1-maanantai-klo-12","status":"publish","type":"post","link":"https:\/\/www.pirttikoskenkyla.fi\/en\/paivakahvit-joka-kuun-1-maanantai-klo-12\/","title":{"rendered":"P\u00e4iv\u00e4kahvit joka kuun 1. maanantai klo 12"},"content":{"rendered":"<p>P\u00c4IV\u00c4KAHVIT Kyl\u00e4talolla<\/p>\n<p>Joka kuun 1. maanantai klo 12<br \/>\nAhti-luokassa.<\/p>\n<p>Varaa kahviin ja tilavuokraan muutama euro.<\/p>\n<p>TERVETULOA YLI KYL\u00c4RAJOJEN!<\/p>","protected":false},"excerpt":{"rendered":"<p>P\u00c4IV\u00c4KAHVIT Kyl\u00e4talolla Joka kuun 1. maanantai klo 12 Ahti-luokassa. Varaa kahviin ja tilavuokraan muutama euro. TERVETULOA YLI KYL\u00c4RAJOJEN!<\/p>","protected":false},"author":2,"featured_media":1554,"comment_status":"closed","ping_status":"closed","sticky":false,"template":"","format":"standard","meta":{"site-sidebar-layout":"default","site-content-layout":"","ast-site-content-layout":"default","site-content-style":"default","site-sidebar-style":"default","ast-global-header-display":"","ast-banner-title-visibility":"","ast-main-header-display":"","ast-hfb-above-header-display":"","ast-hfb-below-header-display":"","ast-hfb-mobile-header-display":"","site-post-title":"","ast-breadcrumbs-content":"","ast-featured-img":"","footer-sml-layout":"","ast-disable-related-posts":"","theme-transparent-header-meta":"default","adv-header-id-meta":"","stick-header-meta":"","header-above-stick-meta":"","header-main-stick-meta":"","header-below-stick-meta":"","astra-migrate-meta-layouts":"set","ast-page-background-enabled":"default","ast-page-background-meta":{"desktop":{"background-color":"var(--ast-global-color-4)","background-image":"","background-repeat":"repeat","background-position":"center center","background-size":"auto","background-attachment":"scroll","background-type":"","background-media":"","overlay-type":"","overlay-color":"","overlay-opacity":"","overlay-gradient":""},"tablet":{"background-color":"","background-image":"","background-repeat":"repeat","background-position":"center center","background-size":"auto","background-attachment":"scroll","background-type":"","background-media":"","overlay-type":"","overlay-color":"","overlay-opacity":"","overlay-gradient":""},"mobile":{"background-color":"","background-image":"","background-repeat":"repeat","background-position":"center center","background-size":"auto","background-attachment":"scroll","background-type":"","background-media":"","overlay-type":"","overlay-color":"","overlay-opacity":"","overlay-gradient":""}},"ast-content-background-meta":{"desktop":{"background-color":"var(--ast-global-color-5)","background-image":"","background-repeat":"repeat","background-position":"center center","background-size":"auto","background-attachment":"scroll","background-type":"","background-media":"","overlay-type":"","overlay-color":"","overlay-opacity":"","overlay-gradient":""},"tablet":{"background-color":"var(--ast-global-color-5)","background-image":"","background-repeat":"repeat","background-position":"center center","background-size":"auto","background-attachment":"scroll","background-type":"","background-media":"","overlay-type":"","overlay-color":"","overlay-opacity":"","overlay-gradient":""},"mobile":{"background-color":"var(--ast-global-color-5)","background-image":"","background-repeat":"repeat","background-position":"center center","background-size":"auto","background-attachment":"scroll","background-type":"","background-media":"","overlay-type":"","overlay-color":"","overlay-opacity":"","overlay-gradient":""}},"footnotes":""},"categories":[1],"tags":[],"yoast_head":"<!-- This site is optimized with the Yoast SEO plugin v22.6 - https:\/\/yoast.com\/wordpress\/plugins\/seo\/ -->\n<title>P\u00e4iv\u00e4kahvit joka kuun 1. maanantai klo 12 - Pirttikosken kyl&auml;<\/title>\n<meta name=\"robots\" content=\"index, follow, max-snippet:-1, max-image-preview:large, max-video-preview:-1\" \/>\n<link rel=\"canonical\" href=\"https:\/\/www.pirttikoskenkyla.fi\/en\/paivakahvit-joka-kuun-1-maanantai-klo-12\/\" \/>\n<meta property=\"og:locale\" content=\"en_GB\" \/>\n<meta property=\"og:type\" content=\"article\" \/>\n<meta property=\"og:title\" content=\"P\u00e4iv\u00e4kahvit joka kuun 1. maanantai klo 12 - Pirttikosken kyl&auml;\" \/>\n<meta property=\"og:description\" content=\"P\u00c4IV\u00c4KAHVIT Kyl\u00e4talolla Joka kuun 1. maanantai klo 12 Ahti-luokassa. Varaa kahviin ja tilavuokraan muutama euro. TERVETULOA YLI KYL\u00c4RAJOJEN!\" \/>\n<meta property=\"og:url\" content=\"https:\/\/www.pirttikoskenkyla.fi\/en\/paivakahvit-joka-kuun-1-maanantai-klo-12\/\" \/>\n<meta property=\"og:site_name\" content=\"Pirttikosken kyl&auml;\" \/>\n<meta property=\"article:publisher\" content=\"https:\/\/www.facebook.com\/pirttikoskenkylayhdistys\/\" \/>\n<meta property=\"article:published_time\" content=\"2026-08-30T13:02:52+00:00\" \/>\n<meta property=\"og:image\" content=\"https:\/\/www.pirttikoskenkyla.fi\/wp-content\/uploads\/Paivakahvit-1200x628-px.png\" \/>\n\t<meta property=\"og:image:width\" content=\"1200\" \/>\n\t<meta property=\"og:image:height\" content=\"628\" \/>\n\t<meta property=\"og:image:type\" content=\"image\/png\" \/>\n<meta name=\"author\" content=\"kylayhdistys\" \/>\n<meta name=\"twitter:card\" content=\"summary_large_image\" \/>\n<script type=\"application\/ld+json\" class=\"yoast-schema-graph\">{\"@context\":\"https:\/\/schema.org\",\"@graph\":[{\"@type\":\"WebPage\",\"@id\":\"https:\/\/www.pirttikoskenkyla.fi\/paivakahvit-joka-kuun-1-maanantai-klo-12\/\",\"url\":\"https:\/\/www.pirttikoskenkyla.fi\/paivakahvit-joka-kuun-1-maanantai-klo-12\/\",\"name\":\"P\u00e4iv\u00e4kahvit joka kuun 1. maanantai klo 12 - Pirttikosken kyl&auml;\",\"isPartOf\":{\"@id\":\"https:\/\/www.pirttikoskenkyla.fi\/#website\"},\"primaryImageOfPage\":{\"@id\":\"https:\/\/www.pirttikoskenkyla.fi\/paivakahvit-joka-kuun-1-maanantai-klo-12\/#primaryimage\"},\"image\":{\"@id\":\"https:\/\/www.pirttikoskenkyla.fi\/paivakahvit-joka-kuun-1-maanantai-klo-12\/#primaryimage\"},\"thumbnailUrl\":\"https:\/\/www.pirttikoskenkyla.fi\/wp-content\/uploads\/Paivakahvit-1200x628-px.png\",\"datePublished\":\"2026-08-30T13:02:52+00:00\",\"dateModified\":\"2026-08-30T13:02:52+00:00\",\"author\":{\"@id\":\"https:\/\/www.pirttikoskenkyla.fi\/#\/schema\/person\/173198a4da8013486bf60f24321e7a7f\"},\"breadcrumb\":{\"@id\":\"https:\/\/www.pirttikoskenkyla.fi\/paivakahvit-joka-kuun-1-maanantai-klo-12\/#breadcrumb\"},\"inLanguage\":\"en-GB\",\"potentialAction\":[{\"@type\":\"ReadAction\",\"target\":[\"https:\/\/www.pirttikoskenkyla.fi\/paivakahvit-joka-kuun-1-maanantai-klo-12\/\"]}]},{\"@type\":\"ImageObject\",\"inLanguage\":\"en-GB\",\"@id\":\"https:\/\/www.pirttikoskenkyla.fi\/paivakahvit-joka-kuun-1-maanantai-klo-12\/#primaryimage\",\"url\":\"https:\/\/www.pirttikoskenkyla.fi\/wp-content\/uploads\/Paivakahvit-1200x628-px.png\",\"contentUrl\":\"https:\/\/www.pirttikoskenkyla.fi\/wp-content\/uploads\/Paivakahvit-1200x628-px.png\",\"width\":1200,\"height\":628},{\"@type\":\"BreadcrumbList\",\"@id\":\"https:\/\/www.pirttikoskenkyla.fi\/paivakahvit-joka-kuun-1-maanantai-klo-12\/#breadcrumb\",\"itemListElement\":[{\"@type\":\"ListItem\",\"position\":1,\"name\":\"Etusivu\",\"item\":\"https:\/\/www.pirttikoskenkyla.fi\/\"},{\"@type\":\"ListItem\",\"position\":2,\"name\":\"P\u00e4iv\u00e4kahvit joka kuun 1. maanantai klo 12\"}]},{\"@type\":\"WebSite\",\"@id\":\"https:\/\/www.pirttikoskenkyla.fi\/#website\",\"url\":\"https:\/\/www.pirttikoskenkyla.fi\/\",\"name\":\"Pirttikosken kyl&auml;\",\"description\":\"\",\"potentialAction\":[{\"@type\":\"SearchAction\",\"target\":{\"@type\":\"EntryPoint\",\"urlTemplate\":\"https:\/\/www.pirttikoskenkyla.fi\/?s={search_term_string}\"},\"query-input\":\"required name=search_term_string\"}],\"inLanguage\":\"en-GB\"},{\"@type\":\"Person\",\"@id\":\"https:\/\/www.pirttikoskenkyla.fi\/#\/schema\/person\/173198a4da8013486bf60f24321e7a7f\",\"name\":\"kylayhdistys\"}]}<\/script>\n<!-- \/ Yoast SEO plugin. -->","yoast_head_json":{"title":"P\u00e4iv\u00e4kahvit joka kuun 1. maanantai klo 12 - Pirttikosken kyl&auml;","robots":{"index":"index","follow":"follow","max-snippet":"max-snippet:-1","max-image-preview":"max-image-preview:large","max-video-preview":"max-video-preview:-1"},"canonical":"https:\/\/www.pirttikoskenkyla.fi\/en\/paivakahvit-joka-kuun-1-maanantai-klo-12\/","og_locale":"en_GB","og_type":"article","og_title":"P\u00e4iv\u00e4kahvit joka kuun 1. maanantai klo 12 - Pirttikosken kyl&auml;","og_description":"P\u00c4IV\u00c4KAHVIT Kyl\u00e4talolla Joka kuun 1. maanantai klo 12 Ahti-luokassa. Varaa kahviin ja tilavuokraan muutama euro. TERVETULOA YLI KYL\u00c4RAJOJEN!","og_url":"https:\/\/www.pirttikoskenkyla.fi\/en\/paivakahvit-joka-kuun-1-maanantai-klo-12\/","og_site_name":"Pirttikosken kyl&auml;","article_publisher":"https:\/\/www.facebook.com\/pirttikoskenkylayhdistys\/","article_published_time":"2026-08-30T13:02:52+00:00","og_image":[{"width":1200,"height":628,"url":"https:\/\/www.pirttikoskenkyla.fi\/wp-content\/uploads\/Paivakahvit-1200x628-px.png","type":"image\/png"}],"author":"kylayhdistys","twitter_card":"summary_large_image","schema":{"@context":"https:\/\/schema.org","@graph":[{"@type":"WebPage","@id":"https:\/\/www.pirttikoskenkyla.fi\/paivakahvit-joka-kuun-1-maanantai-klo-12\/","url":"https:\/\/www.pirttikoskenkyla.fi\/paivakahvit-joka-kuun-1-maanantai-klo-12\/","name":"P\u00e4iv\u00e4kahvit joka kuun 1. maanantai klo 12 - Pirttikosken kyl&auml;","isPartOf":{"@id":"https:\/\/www.pirttikoskenkyla.fi\/#website"},"primaryImageOfPage":{"@id":"https:\/\/www.pirttikoskenkyla.fi\/paivakahvit-joka-kuun-1-maanantai-klo-12\/#primaryimage"},"image":{"@id":"https:\/\/www.pirttikoskenkyla.fi\/paivakahvit-joka-kuun-1-maanantai-klo-12\/#primaryimage"},"thumbnailUrl":"https:\/\/www.pirttikoskenkyla.fi\/wp-content\/uploads\/Paivakahvit-1200x628-px.png","datePublished":"2026-08-30T13:02:52+00:00","dateModified":"2026-08-30T13:02:52+00:00","author":{"@id":"https:\/\/www.pirttikoskenkyla.fi\/#\/schema\/person\/173198a4da8013486bf60f24321e7a7f"},"breadcrumb":{"@id":"https:\/\/www.pirttikoskenkyla.fi\/paivakahvit-joka-kuun-1-maanantai-klo-12\/#breadcrumb"},"inLanguage":"en-GB","potentialAction":[{"@type":"ReadAction","target":["https:\/\/www.pirttikoskenkyla.fi\/paivakahvit-joka-kuun-1-maanantai-klo-12\/"]}]},{"@type":"ImageObject","inLanguage":"en-GB","@id":"https:\/\/www.pirttikoskenkyla.fi\/paivakahvit-joka-kuun-1-maanantai-klo-12\/#primaryimage","url":"https:\/\/www.pirttikoskenkyla.fi\/wp-content\/uploads\/Paivakahvit-1200x628-px.png","contentUrl":"https:\/\/www.pirttikoskenkyla.fi\/wp-content\/uploads\/Paivakahvit-1200x628-px.png","width":1200,"height":628},{"@type":"BreadcrumbList","@id":"https:\/\/www.pirttikoskenkyla.fi\/paivakahvit-joka-kuun-1-maanantai-klo-12\/#breadcrumb","itemListElement":[{"@type":"ListItem","position":1,"name":"Etusivu","item":"https:\/\/www.pirttikoskenkyla.fi\/"},{"@type":"ListItem","position":2,"name":"P\u00e4iv\u00e4kahvit joka kuun 1. maanantai klo 12"}]},{"@type":"WebSite","@id":"https:\/\/www.pirttikoskenkyla.fi\/#website","url":"https:\/\/www.pirttikoskenkyla.fi\/","name":"Pirttikoski Village","description":"","potentialAction":[{"@type":"SearchAction","target":{"@type":"EntryPoint","urlTemplate":"https:\/\/www.pirttikoskenkyla.fi\/?s={search_term_string}"},"query-input":"required name=search_term_string"}],"inLanguage":"en-GB"},{"@type":"Person","@id":"https:\/\/www.pirttikoskenkyla.fi\/#\/schema\/person\/173198a4da8013486bf60f24321e7a7f","name":"kylayhdistys"}]}},"_links":{"self":[{"href":"https:\/\/www.pirttikoskenkyla.fi\/en\/wp-json\/wp\/v2\/posts\/1552"}],"collection":[{"href":"https:\/\/www.pirttikoskenkyla.fi\/en\/wp-json\/wp\/v2\/posts"}],"about":[{"href":"https:\/\/www.pirttikoskenkyla.fi\/en\/wp-json\/wp\/v2\/types\/post"}],"author":[{"embeddable":true,"href":"https:\/\/www.pirttikoskenkyla.fi\/en\/wp-json\/wp\/v2\/users\/2"}],"replies":[{"embeddable":true,"href":"https:\/\/www.pirttikoskenkyla.fi\/en\/wp-json\/wp\/v2\/comments?post=1552"}],"version-history":[{"count":1,"href":"https:\/\/www.pirttikoskenkyla.fi\/en\/wp-json\/wp\/v2\/posts\/1552\/revisions"}],"predecessor-version":[{"id":1555,"href":"https:\/\/www.pirttikoskenkyla.fi\/en\/wp-json\/wp\/v2\/posts\/1552\/revisions\/1555"}],"wp:featuredmedia":[{"embeddable":true,"href":"https:\/\/www.pirttikoskenkyla.fi\/en\/wp-json\/wp\/v2\/media\/1554"}],"wp:attachment":[{"href":"https:\/\/www.pirttikoskenkyla.fi\/en\/wp-json\/wp\/v2\/media?parent=1552"}],"wp:term":[{"taxonomy":"category","embeddable":true,"href":"https:\/\/www.pirttikoskenkyla.fi\/en\/wp-json\/wp\/v2\/categories?post=1552"},{"taxonomy":"post_tag","embeddable":true,"href":"https:\/\/www.pirttikoskenkyla.fi\/en\/wp-json\/wp\/v2\/tags?post=1552"}],"curies":[{"name":"wp","href":"https:\/\/api.w.org\/{rel}","templated":true}]}}